{"id":842,"date":"2017-08-02T09:30:41","date_gmt":"2017-08-02T07:30:41","guid":{"rendered":"http:\/\/www.gefdg.be\/?p=842\/"},"modified":"2017-08-16T10:37:01","modified_gmt":"2017-08-16T08:37:01","slug":"842","status":"publish","type":"post","link":"https:\/\/www.gefdg.be\/de\/842\/","title":{"rendered":"Stellenangebot &#8211; Verbindungsangeltellter \/ Telefonist Zweisprachig (D\/FR)"},"content":{"rendered":"<p>&nbsp;<\/p>\n<p>Um die Besetzung w\u00e4hrend der Wochenenden zu gew\u00e4hrleisten stellt die GEF-DG asbl einen Verbindungsangestellten \/ Telefonisten (zweisprachig D \/ Fr) ein, um den Ablauf der Bereitschaftsdienste vom Hauptposten in Verviers aus zu garantieren und die Zusammenarbeit der einzelnen Beteiligten (Zentrale 1733, Dienst\u00e4rzte, Patienten, Chauffeure, Koordinatoren,\u2026) zu organisieren.<\/p>\n<p>Eine detaillierte Stellenbeschreibung findet sich im Anhang.<\/p>\n<p>F\u00fcr weitere Informationen oder um eine Bewerbung zu hinterlegen :<\/p>\n<p>C\u00e9dric Dupont, Koordinator<\/p>\n<p>Mail : c.dupont@ymail.com<\/p>\n<p>Tel : 0494.65.84.64<\/p>\n","protected":false},"excerpt":{"rendered":"<p>&nbsp; Um die Besetzung w\u00e4hrend der Wochenenden zu gew\u00e4hrleisten stellt die GEF-DG asbl einen Verbindungsangestellten \/ Telefonisten (zweisprachig D \/ Fr) ein, um den Ablauf der Bereitschaftsdienste vom Hauptposten in Verviers aus zu garantieren und die Zusammenarbeit der einzelnen Beteiligten (Zentrale 1733, Dienst\u00e4rzte, Patienten, Chauffeure, Koordinatoren,\u2026) zu organisieren. Eine detaillierte Stellenbeschreibung findet sich im Anhang. [&hellip;]<\/p>\n","protected":false},"author":2,"featured_media":840,"comment_status":"open","ping_status":"open","sticky":false,"template":"","format":"standard","meta":{"_acf_changed":false,"footnotes":""},"categories":[53],"tags":[],"class_list":["post-842","post","type-post","status-publish","format-standard","has-post-thumbnail","hentry","category-espace-public-de"],"acf":[],"yoast_head":"<!-- This site is optimized with the Yoast SEO plugin v27.5 - https:\/\/yoast.com\/product\/yoast-seo-wordpress\/ -->\n<title>Stellenangebot - Verbindungsangeltellter \/ Telefonist Zweisprachig (D\/FR) - GEF-DG.be<\/title>\n<meta name=\"robots\" content=\"index, follow, max-snippet:-1, max-image-preview:large, max-video-preview:-1\" \/>\n<link rel=\"canonical\" href=\"https:\/\/www.gefdg.be\/de\/842\/\" \/>\n<meta property=\"og:locale\" content=\"de_DE\" \/>\n<meta property=\"og:type\" content=\"article\" \/>\n<meta property=\"og:title\" content=\"Stellenangebot - Verbindungsangeltellter \/ Telefonist Zweisprachig (D\/FR) - GEF-DG.be\" \/>\n<meta property=\"og:description\" content=\"&nbsp; Um die Besetzung w\u00e4hrend der Wochenenden zu gew\u00e4hrleisten stellt die GEF-DG asbl einen Verbindungsangestellten \/ Telefonisten (zweisprachig D \/ Fr) ein, um den Ablauf der Bereitschaftsdienste vom Hauptposten in Verviers aus zu garantieren und die Zusammenarbeit der einzelnen Beteiligten (Zentrale 1733, Dienst\u00e4rzte, Patienten, Chauffeure, Koordinatoren,\u2026) zu organisieren. Eine detaillierte Stellenbeschreibung findet sich im Anhang. [&hellip;]\" \/>\n<meta property=\"og:url\" content=\"https:\/\/www.gefdg.be\/de\/842\/\" \/>\n<meta property=\"og:site_name\" content=\"GEF-DG.be\" \/>\n<meta property=\"article:published_time\" content=\"2017-08-02T07:30:41+00:00\" \/>\n<meta property=\"article:modified_time\" content=\"2017-08-16T08:37:01+00:00\" \/>\n<meta property=\"og:image\" content=\"https:\/\/www.gefdg.be\/wp-content\/uploads\/2017\/08\/Offre-demploi.jpg\" \/>\n\t<meta property=\"og:image:width\" content=\"346\" \/>\n\t<meta property=\"og:image:height\" content=\"346\" \/>\n\t<meta property=\"og:image:type\" content=\"image\/jpeg\" \/>\n<meta name=\"author\" content=\"C\u00e9dric Dupont\" \/>\n<meta name=\"twitter:card\" content=\"summary_large_image\" \/>\n<meta name=\"twitter:label1\" content=\"Verfasst von\" \/>\n\t<meta name=\"twitter:data1\" content=\"C\u00e9dric Dupont\" \/>\n<script type=\"application\/ld+json\" class=\"yoast-schema-graph\">{\"@context\":\"https:\\\/\\\/schema.org\",\"@graph\":[{\"@type\":\"Article\",\"@id\":\"https:\\\/\\\/www.gefdg.be\\\/de\\\/842\\\/#article\",\"isPartOf\":{\"@id\":\"https:\\\/\\\/www.gefdg.be\\\/de\\\/842\\\/\"},\"author\":{\"name\":\"C\u00e9dric Dupont\",\"@id\":\"https:\\\/\\\/www.gefdg.be\\\/#\\\/schema\\\/person\\\/cfd2e6fe4f900d28dbe98cf6d25e2734\"},\"headline\":\"Stellenangebot &#8211; Verbindungsangeltellter \\\/ Telefonist Zweisprachig (D\\\/FR)\",\"datePublished\":\"2017-08-02T07:30:41+00:00\",\"dateModified\":\"2017-08-16T08:37:01+00:00\",\"mainEntityOfPage\":{\"@id\":\"https:\\\/\\\/www.gefdg.be\\\/de\\\/842\\\/\"},\"wordCount\":82,\"commentCount\":0,\"publisher\":{\"@id\":\"https:\\\/\\\/www.gefdg.be\\\/#organization\"},\"image\":{\"@id\":\"https:\\\/\\\/www.gefdg.be\\\/de\\\/842\\\/#primaryimage\"},\"thumbnailUrl\":\"https:\\\/\\\/www.gefdg.be\\\/wp-content\\\/uploads\\\/2017\\\/08\\\/Offre-demploi.jpg\",\"articleSection\":[\"Espace public\"],\"inLanguage\":\"de\",\"potentialAction\":[{\"@type\":\"CommentAction\",\"name\":\"Comment\",\"target\":[\"https:\\\/\\\/www.gefdg.be\\\/de\\\/842\\\/#respond\"]}]},{\"@type\":\"WebPage\",\"@id\":\"https:\\\/\\\/www.gefdg.be\\\/de\\\/842\\\/\",\"url\":\"https:\\\/\\\/www.gefdg.be\\\/de\\\/842\\\/\",\"name\":\"Stellenangebot - Verbindungsangeltellter \\\/ Telefonist Zweisprachig (D\\\/FR) - GEF-DG.be\",\"isPartOf\":{\"@id\":\"https:\\\/\\\/www.gefdg.be\\\/#website\"},\"primaryImageOfPage\":{\"@id\":\"https:\\\/\\\/www.gefdg.be\\\/de\\\/842\\\/#primaryimage\"},\"image\":{\"@id\":\"https:\\\/\\\/www.gefdg.be\\\/de\\\/842\\\/#primaryimage\"},\"thumbnailUrl\":\"https:\\\/\\\/www.gefdg.be\\\/wp-content\\\/uploads\\\/2017\\\/08\\\/Offre-demploi.jpg\",\"datePublished\":\"2017-08-02T07:30:41+00:00\",\"dateModified\":\"2017-08-16T08:37:01+00:00\",\"breadcrumb\":{\"@id\":\"https:\\\/\\\/www.gefdg.be\\\/de\\\/842\\\/#breadcrumb\"},\"inLanguage\":\"de\",\"potentialAction\":[{\"@type\":\"ReadAction\",\"target\":[\"https:\\\/\\\/www.gefdg.be\\\/de\\\/842\\\/\"]}]},{\"@type\":\"ImageObject\",\"inLanguage\":\"de\",\"@id\":\"https:\\\/\\\/www.gefdg.be\\\/de\\\/842\\\/#primaryimage\",\"url\":\"https:\\\/\\\/www.gefdg.be\\\/wp-content\\\/uploads\\\/2017\\\/08\\\/Offre-demploi.jpg\",\"contentUrl\":\"https:\\\/\\\/www.gefdg.be\\\/wp-content\\\/uploads\\\/2017\\\/08\\\/Offre-demploi.jpg\",\"width\":346,\"height\":346},{\"@type\":\"BreadcrumbList\",\"@id\":\"https:\\\/\\\/www.gefdg.be\\\/de\\\/842\\\/#breadcrumb\",\"itemListElement\":[{\"@type\":\"ListItem\",\"position\":1,\"name\":\"Accueil\",\"item\":\"https:\\\/\\\/www.gefdg.be\\\/de\\\/\"},{\"@type\":\"ListItem\",\"position\":2,\"name\":\"Stellenangebot &#8211; Verbindungsangeltellter \\\/ Telefonist Zweisprachig (D\\\/FR)\"}]},{\"@type\":\"WebSite\",\"@id\":\"https:\\\/\\\/www.gefdg.be\\\/#website\",\"url\":\"https:\\\/\\\/www.gefdg.be\\\/\",\"name\":\"GEF-DG\",\"description\":\"Postes de garde de m\u00e9decines g\u00e9n\u00e9rales\",\"publisher\":{\"@id\":\"https:\\\/\\\/www.gefdg.be\\\/#organization\"},\"potentialAction\":[{\"@type\":\"SearchAction\",\"target\":{\"@type\":\"EntryPoint\",\"urlTemplate\":\"https:\\\/\\\/www.gefdg.be\\\/?s={search_term_string}\"},\"query-input\":{\"@type\":\"PropertyValueSpecification\",\"valueRequired\":true,\"valueName\":\"search_term_string\"}}],\"inLanguage\":\"de\"},{\"@type\":\"Organization\",\"@id\":\"https:\\\/\\\/www.gefdg.be\\\/#organization\",\"name\":\"GEFDG\",\"url\":\"https:\\\/\\\/www.gefdg.be\\\/\",\"logo\":{\"@type\":\"ImageObject\",\"inLanguage\":\"de\",\"@id\":\"https:\\\/\\\/www.gefdg.be\\\/#\\\/schema\\\/logo\\\/image\\\/\",\"url\":\"https:\\\/\\\/www.gefdg.be\\\/wp-content\\\/uploads\\\/2020\\\/09\\\/logoGEF_DG-01.png\",\"contentUrl\":\"https:\\\/\\\/www.gefdg.be\\\/wp-content\\\/uploads\\\/2020\\\/09\\\/logoGEF_DG-01.png\",\"width\":2452,\"height\":937,\"caption\":\"GEFDG\"},\"image\":{\"@id\":\"https:\\\/\\\/www.gefdg.be\\\/#\\\/schema\\\/logo\\\/image\\\/\"}},{\"@type\":\"Person\",\"@id\":\"https:\\\/\\\/www.gefdg.be\\\/#\\\/schema\\\/person\\\/cfd2e6fe4f900d28dbe98cf6d25e2734\",\"name\":\"C\u00e9dric Dupont\",\"sameAs\":[\"http:\\\/\\\/www.agef.be\"],\"url\":\"https:\\\/\\\/www.gefdg.be\\\/de\\\/author\\\/agef\\\/\"}]}<\/script>\n<!-- \/ Yoast SEO plugin. -->","yoast_head_json":{"title":"Stellenangebot - Verbindungsangeltellter \/ Telefonist Zweisprachig (D\/FR) - GEF-DG.be","robots":{"index":"index","follow":"follow","max-snippet":"max-snippet:-1","max-image-preview":"max-image-preview:large","max-video-preview":"max-video-preview:-1"},"canonical":"https:\/\/www.gefdg.be\/de\/842\/","og_locale":"de_DE","og_type":"article","og_title":"Stellenangebot - Verbindungsangeltellter \/ Telefonist Zweisprachig (D\/FR) - GEF-DG.be","og_description":"&nbsp; Um die Besetzung w\u00e4hrend der Wochenenden zu gew\u00e4hrleisten stellt die GEF-DG asbl einen Verbindungsangestellten \/ Telefonisten (zweisprachig D \/ Fr) ein, um den Ablauf der Bereitschaftsdienste vom Hauptposten in Verviers aus zu garantieren und die Zusammenarbeit der einzelnen Beteiligten (Zentrale 1733, Dienst\u00e4rzte, Patienten, Chauffeure, Koordinatoren,\u2026) zu organisieren. Eine detaillierte Stellenbeschreibung findet sich im Anhang. [&hellip;]","og_url":"https:\/\/www.gefdg.be\/de\/842\/","og_site_name":"GEF-DG.be","article_published_time":"2017-08-02T07:30:41+00:00","article_modified_time":"2017-08-16T08:37:01+00:00","og_image":[{"width":346,"height":346,"url":"https:\/\/www.gefdg.be\/wp-content\/uploads\/2017\/08\/Offre-demploi.jpg","type":"image\/jpeg"}],"author":"C\u00e9dric Dupont","twitter_card":"summary_large_image","twitter_misc":{"Verfasst von":"C\u00e9dric Dupont"},"schema":{"@context":"https:\/\/schema.org","@graph":[{"@type":"Article","@id":"https:\/\/www.gefdg.be\/de\/842\/#article","isPartOf":{"@id":"https:\/\/www.gefdg.be\/de\/842\/"},"author":{"name":"C\u00e9dric Dupont","@id":"https:\/\/www.gefdg.be\/#\/schema\/person\/cfd2e6fe4f900d28dbe98cf6d25e2734"},"headline":"Stellenangebot &#8211; Verbindungsangeltellter \/ Telefonist Zweisprachig (D\/FR)","datePublished":"2017-08-02T07:30:41+00:00","dateModified":"2017-08-16T08:37:01+00:00","mainEntityOfPage":{"@id":"https:\/\/www.gefdg.be\/de\/842\/"},"wordCount":82,"commentCount":0,"publisher":{"@id":"https:\/\/www.gefdg.be\/#organization"},"image":{"@id":"https:\/\/www.gefdg.be\/de\/842\/#primaryimage"},"thumbnailUrl":"https:\/\/www.gefdg.be\/wp-content\/uploads\/2017\/08\/Offre-demploi.jpg","articleSection":["Espace public"],"inLanguage":"de","potentialAction":[{"@type":"CommentAction","name":"Comment","target":["https:\/\/www.gefdg.be\/de\/842\/#respond"]}]},{"@type":"WebPage","@id":"https:\/\/www.gefdg.be\/de\/842\/","url":"https:\/\/www.gefdg.be\/de\/842\/","name":"Stellenangebot - Verbindungsangeltellter \/ Telefonist Zweisprachig (D\/FR) - GEF-DG.be","isPartOf":{"@id":"https:\/\/www.gefdg.be\/#website"},"primaryImageOfPage":{"@id":"https:\/\/www.gefdg.be\/de\/842\/#primaryimage"},"image":{"@id":"https:\/\/www.gefdg.be\/de\/842\/#primaryimage"},"thumbnailUrl":"https:\/\/www.gefdg.be\/wp-content\/uploads\/2017\/08\/Offre-demploi.jpg","datePublished":"2017-08-02T07:30:41+00:00","dateModified":"2017-08-16T08:37:01+00:00","breadcrumb":{"@id":"https:\/\/www.gefdg.be\/de\/842\/#breadcrumb"},"inLanguage":"de","potentialAction":[{"@type":"ReadAction","target":["https:\/\/www.gefdg.be\/de\/842\/"]}]},{"@type":"ImageObject","inLanguage":"de","@id":"https:\/\/www.gefdg.be\/de\/842\/#primaryimage","url":"https:\/\/www.gefdg.be\/wp-content\/uploads\/2017\/08\/Offre-demploi.jpg","contentUrl":"https:\/\/www.gefdg.be\/wp-content\/uploads\/2017\/08\/Offre-demploi.jpg","width":346,"height":346},{"@type":"BreadcrumbList","@id":"https:\/\/www.gefdg.be\/de\/842\/#breadcrumb","itemListElement":[{"@type":"ListItem","position":1,"name":"Accueil","item":"https:\/\/www.gefdg.be\/de\/"},{"@type":"ListItem","position":2,"name":"Stellenangebot &#8211; Verbindungsangeltellter \/ Telefonist Zweisprachig (D\/FR)"}]},{"@type":"WebSite","@id":"https:\/\/www.gefdg.be\/#website","url":"https:\/\/www.gefdg.be\/","name":"GEF-DG","description":"Postes de garde de m\u00e9decines g\u00e9n\u00e9rales","publisher":{"@id":"https:\/\/www.gefdg.be\/#organization"},"potentialAction":[{"@type":"SearchAction","target":{"@type":"EntryPoint","urlTemplate":"https:\/\/www.gefdg.be\/?s={search_term_string}"},"query-input":{"@type":"PropertyValueSpecification","valueRequired":true,"valueName":"search_term_string"}}],"inLanguage":"de"},{"@type":"Organization","@id":"https:\/\/www.gefdg.be\/#organization","name":"GEFDG","url":"https:\/\/www.gefdg.be\/","logo":{"@type":"ImageObject","inLanguage":"de","@id":"https:\/\/www.gefdg.be\/#\/schema\/logo\/image\/","url":"https:\/\/www.gefdg.be\/wp-content\/uploads\/2020\/09\/logoGEF_DG-01.png","contentUrl":"https:\/\/www.gefdg.be\/wp-content\/uploads\/2020\/09\/logoGEF_DG-01.png","width":2452,"height":937,"caption":"GEFDG"},"image":{"@id":"https:\/\/www.gefdg.be\/#\/schema\/logo\/image\/"}},{"@type":"Person","@id":"https:\/\/www.gefdg.be\/#\/schema\/person\/cfd2e6fe4f900d28dbe98cf6d25e2734","name":"C\u00e9dric Dupont","sameAs":["http:\/\/www.agef.be"],"url":"https:\/\/www.gefdg.be\/de\/author\/agef\/"}]}},"_links":{"self":[{"href":"https:\/\/www.gefdg.be\/de\/wp-json\/wp\/v2\/posts\/842\/"}],"collection":[{"href":"https:\/\/www.gefdg.be\/de\/wp-json\/wp\/v2\/posts\/"}],"about":[{"href":"https:\/\/www.gefdg.be\/de\/wp-json\/wp\/v2\/types\/post\/"}],"author":[{"embeddable":true,"href":"https:\/\/www.gefdg.be\/de\/wp-json\/wp\/v2\/users\/2\/"}],"replies":[{"embeddable":true,"href":"https:\/\/www.gefdg.be\/de\/wp-json\/wp\/v2\/comments\/?post=842"}],"version-history":[{"count":5,"href":"https:\/\/www.gefdg.be\/de\/wp-json\/wp\/v2\/posts\/842\/revisions\/"}],"predecessor-version":[{"id":893,"href":"https:\/\/www.gefdg.be\/de\/wp-json\/wp\/v2\/posts\/842\/revisions\/893\/"}],"wp:featuredmedia":[{"embeddable":true,"href":"https:\/\/www.gefdg.be\/de\/wp-json\/wp\/v2\/media\/840\/"}],"wp:attachment":[{"href":"https:\/\/www.gefdg.be\/de\/wp-json\/wp\/v2\/media\/?parent=842"}],"wp:term":[{"taxonomy":"category","embeddable":true,"href":"https:\/\/www.gefdg.be\/de\/wp-json\/wp\/v2\/categories\/?post=842"},{"taxonomy":"post_tag","embeddable":true,"href":"https:\/\/www.gefdg.be\/de\/wp-json\/wp\/v2\/tags\/?post=842"}],"curies":[{"name":"wp","href":"https:\/\/api.w.org\/{rel}","templated":true}]}}